{"id":292,"date":"2020-07-07T17:37:34","date_gmt":"2020-07-07T20:37:34","guid":{"rendered":"http:\/\/192.168.15.6\/comex\/?p=292"},"modified":"2021-03-05T17:49:31","modified_gmt":"2021-03-05T20:49:31","slug":"o-brasil-no-comercio-internacional-ate-quando-vai-durar-esse-encanto","status":"publish","type":"post","link":"https:\/\/comexonline.com.br\/es\/o-brasil-no-comercio-internacional-ate-quando-vai-durar-esse-encanto\/","title":{"rendered":"O Brasil no com\u00e9rcio internacional: at\u00e9 quando vai durar esse \u201cencanto\u201d?"},"content":{"rendered":"<p class=\"qtranxs-available-languages-message qtranxs-available-languages-message-es\">Disculpa, pero esta entrada est\u00e1 disponible s\u00f3lo en <a href=\"https:\/\/comexonline.com.br\/pb\/wp-json\/wp\/v2\/posts\/292\" class=\"qtranxs-available-language-link qtranxs-available-language-link-pb\" title=\"Portugu\u00eas do Brasil\">Portugu\u00eas do Brasil<\/a>.<\/p>","protected":false},"excerpt":{"rendered":"<p>Disculpa, pero esta entrada est\u00e1 disponible s\u00f3lo en Portugu\u00eas do Brasil.<\/p>\n","protected":false},"author":1,"featured_media":293,"comment_status":"open","ping_status":"open","sticky":false,"template":"","format":"standard","meta":{"_acf_changed":false,"footnotes":""},"categories":[1],"tags":[],"class_list":["post-292","post","type-post","status-publish","format-standard","has-post-thumbnail","hentry","category-sem-categoria"],"acf":[],"yoast_head":"<!-- This site is optimized with the Yoast SEO plugin v26.2 - https:\/\/yoast.com\/wordpress\/plugins\/seo\/ -->\n<title>O Brasil no com\u00e9rcio internacional: at\u00e9 quando vai durar esse \u201cencanto\u201d? - Comex<\/title>\n<meta name=\"robots\" content=\"index, follow, max-snippet:-1, max-image-preview:large, max-video-preview:-1\" \/>\n<link rel=\"canonical\" href=\"https:\/\/comexonline.com.br\/en\/o-brasil-no-comercio-internacional-ate-quando-vai-durar-esse-encanto\/\" \/>\n<meta property=\"og:locale\" content=\"es_ES\" \/>\n<meta property=\"og:type\" content=\"article\" \/>\n<meta property=\"og:title\" content=\"O Brasil no com\u00e9rcio internacional: at\u00e9 quando vai durar esse \u201cencanto\u201d? - Comex\" \/>\n<meta property=\"og:description\" content=\"Disculpa, pero esta entrada est\u00e1 disponible s\u00f3lo en Portugu\u00eas do Brasil.\" \/>\n<meta property=\"og:url\" content=\"https:\/\/comexonline.com.br\/en\/o-brasil-no-comercio-internacional-ate-quando-vai-durar-esse-encanto\/\" \/>\n<meta property=\"og:site_name\" content=\"Comex\" \/>\n<meta property=\"article:published_time\" content=\"2020-07-07T20:37:34+00:00\" \/>\n<meta property=\"article:modified_time\" content=\"2021-03-05T20:49:31+00:00\" \/>\n<meta property=\"og:image\" content=\"https:\/\/comexonline.com.br\/wp-content\/uploads\/2021\/03\/imagem-paises-a4745313-960w-e1614976645215.png\" \/>\n\t<meta property=\"og:image:width\" content=\"700\" \/>\n\t<meta property=\"og:image:height\" content=\"467\" \/>\n\t<meta property=\"og:image:type\" content=\"image\/png\" \/>\n<meta name=\"author\" content=\"socci\" \/>\n<meta name=\"twitter:card\" content=\"summary_large_image\" \/>\n<meta name=\"twitter:label1\" content=\"Escrito por\" \/>\n\t<meta name=\"twitter:data1\" content=\"socci\" \/>\n\t<meta name=\"twitter:label2\" content=\"Tiempo de lectura\" \/>\n\t<meta name=\"twitter:data2\" content=\"4 minutos\" \/>\n<script type=\"application\/ld+json\" class=\"yoast-schema-graph\">{\"@context\":\"https:\/\/schema.org\",\"@graph\":[{\"@type\":\"WebPage\",\"@id\":\"https:\/\/comexonline.com.br\/en\/o-brasil-no-comercio-internacional-ate-quando-vai-durar-esse-encanto\/\",\"url\":\"https:\/\/comexonline.com.br\/en\/o-brasil-no-comercio-internacional-ate-quando-vai-durar-esse-encanto\/\",\"name\":\"O Brasil no com\u00e9rcio internacional: at\u00e9 quando vai durar esse \u201cencanto\u201d? - Comex\",\"isPartOf\":{\"@id\":\"https:\/\/comexonline.com.br\/#website\"},\"primaryImageOfPage\":{\"@id\":\"https:\/\/comexonline.com.br\/en\/o-brasil-no-comercio-internacional-ate-quando-vai-durar-esse-encanto\/#primaryimage\"},\"image\":{\"@id\":\"https:\/\/comexonline.com.br\/en\/o-brasil-no-comercio-internacional-ate-quando-vai-durar-esse-encanto\/#primaryimage\"},\"thumbnailUrl\":\"https:\/\/comexonline.com.br\/wp-content\/uploads\/2021\/03\/imagem-paises-a4745313-960w-e1614976645215.png\",\"datePublished\":\"2020-07-07T20:37:34+00:00\",\"dateModified\":\"2021-03-05T20:49:31+00:00\",\"author\":{\"@id\":\"https:\/\/comexonline.com.br\/#\/schema\/person\/ad1e7a1dc147b44adbd6d61ff1440730\"},\"breadcrumb\":{\"@id\":\"https:\/\/comexonline.com.br\/en\/o-brasil-no-comercio-internacional-ate-quando-vai-durar-esse-encanto\/#breadcrumb\"},\"inLanguage\":\"es\",\"potentialAction\":[{\"@type\":\"ReadAction\",\"target\":[\"https:\/\/comexonline.com.br\/en\/o-brasil-no-comercio-internacional-ate-quando-vai-durar-esse-encanto\/\"]}]},{\"@type\":\"ImageObject\",\"inLanguage\":\"es\",\"@id\":\"https:\/\/comexonline.com.br\/en\/o-brasil-no-comercio-internacional-ate-quando-vai-durar-esse-encanto\/#primaryimage\",\"url\":\"https:\/\/comexonline.com.br\/wp-content\/uploads\/2021\/03\/imagem-paises-a4745313-960w-e1614976645215.png\",\"contentUrl\":\"https:\/\/comexonline.com.br\/wp-content\/uploads\/2021\/03\/imagem-paises-a4745313-960w-e1614976645215.png\",\"width\":700,\"height\":467},{\"@type\":\"BreadcrumbList\",\"@id\":\"https:\/\/comexonline.com.br\/en\/o-brasil-no-comercio-internacional-ate-quando-vai-durar-esse-encanto\/#breadcrumb\",\"itemListElement\":[{\"@type\":\"ListItem\",\"position\":1,\"name\":\"In\u00edcio\",\"item\":\"https:\/\/comexonline.com.br\/en\/\"},{\"@type\":\"ListItem\",\"position\":2,\"name\":\"O Brasil no com\u00e9rcio internacional: at\u00e9 quando vai durar esse \u201cencanto\u201d?\"}]},{\"@type\":\"WebSite\",\"@id\":\"https:\/\/comexonline.com.br\/#website\",\"url\":\"https:\/\/comexonline.com.br\/\",\"name\":\"Comex\",\"description\":\"\",\"potentialAction\":[{\"@type\":\"SearchAction\",\"target\":{\"@type\":\"EntryPoint\",\"urlTemplate\":\"https:\/\/comexonline.com.br\/?s={search_term_string}\"},\"query-input\":{\"@type\":\"PropertyValueSpecification\",\"valueRequired\":true,\"valueName\":\"search_term_string\"}}],\"inLanguage\":\"es\"},{\"@type\":\"Person\",\"@id\":\"https:\/\/comexonline.com.br\/#\/schema\/person\/ad1e7a1dc147b44adbd6d61ff1440730\",\"name\":\"socci\",\"image\":{\"@type\":\"ImageObject\",\"inLanguage\":\"es\",\"@id\":\"https:\/\/comexonline.com.br\/#\/schema\/person\/image\/\",\"url\":\"https:\/\/secure.gravatar.com\/avatar\/74b8f3f35eabcf14c5821c0e73d790241b735969ec7cb1fe7254a86f57b0eb98?s=96&d=mm&r=g\",\"contentUrl\":\"https:\/\/secure.gravatar.com\/avatar\/74b8f3f35eabcf14c5821c0e73d790241b735969ec7cb1fe7254a86f57b0eb98?s=96&d=mm&r=g\",\"caption\":\"socci\"},\"sameAs\":[\"http:\/\/192.168.15.6\/comex\"],\"url\":\"https:\/\/comexonline.com.br\/es\/author\/socci\/\"}]}<\/script>\n<!-- \/ Yoast SEO plugin. -->","yoast_head_json":{"title":"O Brasil no com\u00e9rcio internacional: at\u00e9 quando vai durar esse \u201cencanto\u201d? - Comex","robots":{"index":"index","follow":"follow","max-snippet":"max-snippet:-1","max-image-preview":"max-image-preview:large","max-video-preview":"max-video-preview:-1"},"canonical":"https:\/\/comexonline.com.br\/en\/o-brasil-no-comercio-internacional-ate-quando-vai-durar-esse-encanto\/","og_locale":"es_ES","og_type":"article","og_title":"O Brasil no com\u00e9rcio internacional: at\u00e9 quando vai durar esse \u201cencanto\u201d? - Comex","og_description":"Disculpa, pero esta entrada est\u00e1 disponible s\u00f3lo en Portugu\u00eas do Brasil.","og_url":"https:\/\/comexonline.com.br\/en\/o-brasil-no-comercio-internacional-ate-quando-vai-durar-esse-encanto\/","og_site_name":"Comex","article_published_time":"2020-07-07T20:37:34+00:00","article_modified_time":"2021-03-05T20:49:31+00:00","og_image":[{"width":700,"height":467,"url":"https:\/\/comexonline.com.br\/wp-content\/uploads\/2021\/03\/imagem-paises-a4745313-960w-e1614976645215.png","type":"image\/png"}],"author":"socci","twitter_card":"summary_large_image","twitter_misc":{"Escrito por":"socci","Tiempo de lectura":"4 minutos"},"schema":{"@context":"https:\/\/schema.org","@graph":[{"@type":"WebPage","@id":"https:\/\/comexonline.com.br\/en\/o-brasil-no-comercio-internacional-ate-quando-vai-durar-esse-encanto\/","url":"https:\/\/comexonline.com.br\/en\/o-brasil-no-comercio-internacional-ate-quando-vai-durar-esse-encanto\/","name":"O Brasil no com\u00e9rcio internacional: at\u00e9 quando vai durar esse \u201cencanto\u201d? - Comex","isPartOf":{"@id":"https:\/\/comexonline.com.br\/#website"},"primaryImageOfPage":{"@id":"https:\/\/comexonline.com.br\/en\/o-brasil-no-comercio-internacional-ate-quando-vai-durar-esse-encanto\/#primaryimage"},"image":{"@id":"https:\/\/comexonline.com.br\/en\/o-brasil-no-comercio-internacional-ate-quando-vai-durar-esse-encanto\/#primaryimage"},"thumbnailUrl":"https:\/\/comexonline.com.br\/wp-content\/uploads\/2021\/03\/imagem-paises-a4745313-960w-e1614976645215.png","datePublished":"2020-07-07T20:37:34+00:00","dateModified":"2021-03-05T20:49:31+00:00","author":{"@id":"https:\/\/comexonline.com.br\/#\/schema\/person\/ad1e7a1dc147b44adbd6d61ff1440730"},"breadcrumb":{"@id":"https:\/\/comexonline.com.br\/en\/o-brasil-no-comercio-internacional-ate-quando-vai-durar-esse-encanto\/#breadcrumb"},"inLanguage":"es","potentialAction":[{"@type":"ReadAction","target":["https:\/\/comexonline.com.br\/en\/o-brasil-no-comercio-internacional-ate-quando-vai-durar-esse-encanto\/"]}]},{"@type":"ImageObject","inLanguage":"es","@id":"https:\/\/comexonline.com.br\/en\/o-brasil-no-comercio-internacional-ate-quando-vai-durar-esse-encanto\/#primaryimage","url":"https:\/\/comexonline.com.br\/wp-content\/uploads\/2021\/03\/imagem-paises-a4745313-960w-e1614976645215.png","contentUrl":"https:\/\/comexonline.com.br\/wp-content\/uploads\/2021\/03\/imagem-paises-a4745313-960w-e1614976645215.png","width":700,"height":467},{"@type":"BreadcrumbList","@id":"https:\/\/comexonline.com.br\/en\/o-brasil-no-comercio-internacional-ate-quando-vai-durar-esse-encanto\/#breadcrumb","itemListElement":[{"@type":"ListItem","position":1,"name":"In\u00edcio","item":"https:\/\/comexonline.com.br\/en\/"},{"@type":"ListItem","position":2,"name":"O Brasil no com\u00e9rcio internacional: at\u00e9 quando vai durar esse \u201cencanto\u201d?"}]},{"@type":"WebSite","@id":"https:\/\/comexonline.com.br\/#website","url":"https:\/\/comexonline.com.br\/","name":"Comex","description":"","potentialAction":[{"@type":"SearchAction","target":{"@type":"EntryPoint","urlTemplate":"https:\/\/comexonline.com.br\/?s={search_term_string}"},"query-input":{"@type":"PropertyValueSpecification","valueRequired":true,"valueName":"search_term_string"}}],"inLanguage":"es"},{"@type":"Person","@id":"https:\/\/comexonline.com.br\/#\/schema\/person\/ad1e7a1dc147b44adbd6d61ff1440730","name":"socci","image":{"@type":"ImageObject","inLanguage":"es","@id":"https:\/\/comexonline.com.br\/#\/schema\/person\/image\/","url":"https:\/\/secure.gravatar.com\/avatar\/74b8f3f35eabcf14c5821c0e73d790241b735969ec7cb1fe7254a86f57b0eb98?s=96&d=mm&r=g","contentUrl":"https:\/\/secure.gravatar.com\/avatar\/74b8f3f35eabcf14c5821c0e73d790241b735969ec7cb1fe7254a86f57b0eb98?s=96&d=mm&r=g","caption":"socci"},"sameAs":["http:\/\/192.168.15.6\/comex"],"url":"https:\/\/comexonline.com.br\/es\/author\/socci\/"}]}},"_links":{"self":[{"href":"https:\/\/comexonline.com.br\/es\/wp-json\/wp\/v2\/posts\/292","targetHints":{"allow":["GET"]}}],"collection":[{"href":"https:\/\/comexonline.com.br\/es\/wp-json\/wp\/v2\/posts"}],"about":[{"href":"https:\/\/comexonline.com.br\/es\/wp-json\/wp\/v2\/types\/post"}],"author":[{"embeddable":true,"href":"https:\/\/comexonline.com.br\/es\/wp-json\/wp\/v2\/users\/1"}],"replies":[{"embeddable":true,"href":"https:\/\/comexonline.com.br\/es\/wp-json\/wp\/v2\/comments?post=292"}],"version-history":[{"count":0,"href":"https:\/\/comexonline.com.br\/es\/wp-json\/wp\/v2\/posts\/292\/revisions"}],"wp:featuredmedia":[{"embeddable":true,"href":"https:\/\/comexonline.com.br\/es\/wp-json\/wp\/v2\/media\/293"}],"wp:attachment":[{"href":"https:\/\/comexonline.com.br\/es\/wp-json\/wp\/v2\/media?parent=292"}],"wp:term":[{"taxonomy":"category","embeddable":true,"href":"https:\/\/comexonline.com.br\/es\/wp-json\/wp\/v2\/categories?post=292"},{"taxonomy":"post_tag","embeddable":true,"href":"https:\/\/comexonline.com.br\/es\/wp-json\/wp\/v2\/tags?post=292"}],"curies":[{"name":"wp","href":"https:\/\/api.w.org\/{rel}","templated":true}]}}